{"id":34638,"date":"2026-08-13T07:56:37","date_gmt":"2026-08-13T07:56:37","guid":{"rendered":"https:\/\/perspektiv.cz\/news\/wie-wir-die-auslastung-von-bueroraeumen-nicht-messen\/"},"modified":"2026-08-13T07:56:37","modified_gmt":"2026-08-13T07:56:37","slug":"wie-wir-die-auslastung-von-bueroraeumen-nicht-messen","status":"publish","type":"news","link":"https:\/\/perspektiv.cz\/de\/news\/wie-wir-die-auslastung-von-bueroraeumen-nicht-messen\/","title":{"rendered":"Wie wir die Auslastung von B\u00fcror\u00e4umen (nicht) messen"},"content":{"rendered":"<h1>Wie wir die Auslastung von B\u00fcror\u00e4umen (nicht) messen<\/h1>\n","protected":false},"featured_media":34303,"template":"","news_category":[185,107],"class_list":["post-34638","news","type-news","status-publish","has-post-thumbnail","hentry","news_category-interieur","news_category-journal-de"],"acf":[],"_links":{"self":[{"href":"https:\/\/perspektiv.cz\/de\/wp-json\/wp\/v2\/news\/34638","targetHints":{"allow":["GET"]}}],"collection":[{"href":"https:\/\/perspektiv.cz\/de\/wp-json\/wp\/v2\/news"}],"about":[{"href":"https:\/\/perspektiv.cz\/de\/wp-json\/wp\/v2\/types\/news"}],"wp:featuredmedia":[{"embeddable":true,"href":"https:\/\/perspektiv.cz\/de\/wp-json\/wp\/v2\/media\/34303"}],"wp:attachment":[{"href":"https:\/\/perspektiv.cz\/de\/wp-json\/wp\/v2\/media?parent=34638"}],"wp:term":[{"taxonomy":"news_category","embeddable":true,"href":"https:\/\/perspektiv.cz\/de\/wp-json\/wp\/v2\/news_category?post=34638"}],"curies":[{"name":"wp","href":"https:\/\/api.w.org\/{rel}","templated":true}]}}