{"id":30787,"date":"2025-09-25T09:00:08","date_gmt":"2025-09-25T09:00:08","guid":{"rendered":"https:\/\/perspektiv.cz\/news\/perspektiv-und-novatop-praesentieren-ein-modulares-system-fuer-buerogebaeude-aus-holz\/"},"modified":"2025-09-25T09:00:08","modified_gmt":"2025-09-25T09:00:08","slug":"perspektiv-und-novatop-praesentieren-ein-modulares-system-fuer-buerogebaeude-aus-holz","status":"publish","type":"news","link":"https:\/\/perspektiv.cz\/de\/news\/perspektiv-und-novatop-praesentieren-ein-modulares-system-fuer-buerogebaeude-aus-holz\/","title":{"rendered":"Perspektiv und NOVATOP pr\u00e4sentieren ein modulares System f\u00fcr B\u00fcrogeb\u00e4ude aus Holz"},"content":{"rendered":"<h1>Perspektiv und NOVATOP pr\u00e4sentieren ein modulares System f\u00fcr B\u00fcrogeb\u00e4ude aus Holz<\/h1>\n","protected":false},"featured_media":30598,"template":"","news_category":[186,107],"class_list":["post-30787","news","type-news","status-publish","has-post-thumbnail","hentry","news_category-architektur","news_category-journal-de"],"acf":[],"_links":{"self":[{"href":"https:\/\/perspektiv.cz\/de\/wp-json\/wp\/v2\/news\/30787","targetHints":{"allow":["GET"]}}],"collection":[{"href":"https:\/\/perspektiv.cz\/de\/wp-json\/wp\/v2\/news"}],"about":[{"href":"https:\/\/perspektiv.cz\/de\/wp-json\/wp\/v2\/types\/news"}],"wp:featuredmedia":[{"embeddable":true,"href":"https:\/\/perspektiv.cz\/de\/wp-json\/wp\/v2\/media\/30598"}],"wp:attachment":[{"href":"https:\/\/perspektiv.cz\/de\/wp-json\/wp\/v2\/media?parent=30787"}],"wp:term":[{"taxonomy":"news_category","embeddable":true,"href":"https:\/\/perspektiv.cz\/de\/wp-json\/wp\/v2\/news_category?post=30787"}],"curies":[{"name":"wp","href":"https:\/\/api.w.org\/{rel}","templated":true}]}}