{"id":16070,"date":"2023-01-18T15:47:10","date_gmt":"2023-01-18T15:47:10","guid":{"rendered":"https:\/\/perspektiv.cz\/project\/meziprostory-prazske-trznice-copy\/"},"modified":"2024-09-18T11:57:52","modified_gmt":"2024-09-18T11:57:52","slug":"nove-vyukove-centrum-3-lf-uk","status":"publish","type":"post","link":"https:\/\/perspektiv.cz\/cs\/project\/nove-vyukove-centrum-3-lf-uk\/","title":{"rendered":"Nov\u00e9 v\u00fdukov\u00e9 centrum 3. LF UK"},"content":{"rendered":"<h1><strong>Nov\u00e9 v\u00fdukov\u00e9 centrum 3.\u00a0LF UK<\/strong><\/h1>\n","protected":false},"excerpt":{"rendered":"<p>Nov\u00e9 v\u00fdukov\u00e9 centrum 3.\u00a0LF UK<\/p>\n","protected":false},"author":1,"featured_media":16073,"comment_status":"closed","ping_status":"closed","sticky":false,"template":"","format":"standard","meta":{"_acf_changed":false,"inline_featured_image":false,"footnotes":""},"categories":[80,87],"tags":[],"class_list":["post-16070","post","type-post","status-publish","format-standard","has-post-thumbnail","hentry","category-architecture","category-education"],"acf":[],"_links":{"self":[{"href":"https:\/\/perspektiv.cz\/cs\/wp-json\/wp\/v2\/posts\/16070","targetHints":{"allow":["GET"]}}],"collection":[{"href":"https:\/\/perspektiv.cz\/cs\/wp-json\/wp\/v2\/posts"}],"about":[{"href":"https:\/\/perspektiv.cz\/cs\/wp-json\/wp\/v2\/types\/post"}],"author":[{"embeddable":true,"href":"https:\/\/perspektiv.cz\/cs\/wp-json\/wp\/v2\/users\/1"}],"replies":[{"embeddable":true,"href":"https:\/\/perspektiv.cz\/cs\/wp-json\/wp\/v2\/comments?post=16070"}],"version-history":[{"count":28,"href":"https:\/\/perspektiv.cz\/cs\/wp-json\/wp\/v2\/posts\/16070\/revisions"}],"predecessor-version":[{"id":19341,"href":"https:\/\/perspektiv.cz\/cs\/wp-json\/wp\/v2\/posts\/16070\/revisions\/19341"}],"wp:featuredmedia":[{"embeddable":true,"href":"https:\/\/perspektiv.cz\/cs\/wp-json\/wp\/v2\/media\/16073"}],"wp:attachment":[{"href":"https:\/\/perspektiv.cz\/cs\/wp-json\/wp\/v2\/media?parent=16070"}],"wp:term":[{"taxonomy":"category","embeddable":true,"href":"https:\/\/perspektiv.cz\/cs\/wp-json\/wp\/v2\/categories?post=16070"},{"taxonomy":"post_tag","embeddable":true,"href":"https:\/\/perspektiv.cz\/cs\/wp-json\/wp\/v2\/tags?post=16070"}],"curies":[{"name":"wp","href":"https:\/\/api.w.org\/{rel}","templated":true}]}}