{"id":4110,"date":"2021-03-02T11:59:19","date_gmt":"2021-03-02T11:59:19","guid":{"rendered":"https:\/\/perspektiv.cz\/news\/czechcrunch-clanek\/"},"modified":"2025-05-19T12:42:18","modified_gmt":"2025-05-19T12:42:18","slug":"czechcrunch-clanek-flexibilni-kancelare","status":"publish","type":"news","link":"https:\/\/perspektiv.cz\/cs\/news\/czechcrunch-clanek-flexibilni-kancelare\/","title":{"rendered":"Spont\u00e1nn\u00ed hovor v kuchy\u0148ce Zoom nenahrad\u00ed. Kancel\u00e1\u0159e se stanou v\u00edce flexibiln\u00ed, \u0159\u00edk\u00e1 St\u00e1ra ze studia Perspektiv"},"content":{"rendered":"","protected":false},"featured_media":3890,"template":"","news_category":[52,173],"class_list":["post-4110","news","type-news","status-publish","has-post-thumbnail","hentry","news_category-press","news_category-interior"],"acf":[],"_links":{"self":[{"href":"https:\/\/perspektiv.cz\/cs\/wp-json\/wp\/v2\/news\/4110","targetHints":{"allow":["GET"]}}],"collection":[{"href":"https:\/\/perspektiv.cz\/cs\/wp-json\/wp\/v2\/news"}],"about":[{"href":"https:\/\/perspektiv.cz\/cs\/wp-json\/wp\/v2\/types\/news"}],"wp:featuredmedia":[{"embeddable":true,"href":"https:\/\/perspektiv.cz\/cs\/wp-json\/wp\/v2\/media\/3890"}],"wp:attachment":[{"href":"https:\/\/perspektiv.cz\/cs\/wp-json\/wp\/v2\/media?parent=4110"}],"wp:term":[{"taxonomy":"news_category","embeddable":true,"href":"https:\/\/perspektiv.cz\/cs\/wp-json\/wp\/v2\/news_category?post=4110"}],"curies":[{"name":"wp","href":"https:\/\/api.w.org\/{rel}","templated":true}]}}