{"id":4108,"date":"2021-03-02T15:42:47","date_gmt":"2021-03-02T15:42:47","guid":{"rendered":"https:\/\/perspektiv.cz\/news\/radio-wave-podcast\/"},"modified":"2025-05-19T12:42:26","modified_gmt":"2025-05-19T12:42:26","slug":"radio-wave-podcast-bourani","status":"publish","type":"news","link":"https:\/\/perspektiv.cz\/cs\/news\/radio-wave-podcast-bourani\/","title":{"rendered":"Byli jsme hosty podcastu Bour\u00e1n\u00ed na Radiu Wave, poslechn\u011bte si n\u00e1s!"},"content":{"rendered":"","protected":false},"featured_media":3909,"template":"","news_category":[52,173,174,175,176],"class_list":["post-4108","news","type-news","status-publish","has-post-thumbnail","hentry","news_category-press","news_category-interior","news_category-architecture","news_category-planning","news_category-engineering"],"acf":[],"_links":{"self":[{"href":"https:\/\/perspektiv.cz\/cs\/wp-json\/wp\/v2\/news\/4108","targetHints":{"allow":["GET"]}}],"collection":[{"href":"https:\/\/perspektiv.cz\/cs\/wp-json\/wp\/v2\/news"}],"about":[{"href":"https:\/\/perspektiv.cz\/cs\/wp-json\/wp\/v2\/types\/news"}],"wp:featuredmedia":[{"embeddable":true,"href":"https:\/\/perspektiv.cz\/cs\/wp-json\/wp\/v2\/media\/3909"}],"wp:attachment":[{"href":"https:\/\/perspektiv.cz\/cs\/wp-json\/wp\/v2\/media?parent=4108"}],"wp:term":[{"taxonomy":"news_category","embeddable":true,"href":"https:\/\/perspektiv.cz\/cs\/wp-json\/wp\/v2\/news_category?post=4108"}],"curies":[{"name":"wp","href":"https:\/\/api.w.org\/{rel}","templated":true}]}}