{"id":33048,"date":"2026-04-29T08:23:12","date_gmt":"2026-04-29T08:23:12","guid":{"rendered":"https:\/\/perspektiv.cz\/?post_type=news&#038;p=33048"},"modified":"2026-04-29T09:13:13","modified_gmt":"2026-04-29T09:13:13","slug":"prace-venku-proc-ji-mame-tak-radi","status":"publish","type":"news","link":"https:\/\/perspektiv.cz\/cs\/news\/prace-venku-proc-ji-mame-tak-radi\/","title":{"rendered":"Pr\u00e1ce venku: Pro\u010d ji m\u00e1me tak r\u00e1di?"},"content":{"rendered":"<h1><strong>Pr\u00e1ce venku: Pro\u010d ji m\u00e1me tak r\u00e1di?<\/strong><\/h1>\n","protected":false},"featured_media":30148,"template":"","news_category":[53,173],"class_list":["post-33048","news","type-news","status-publish","has-post-thumbnail","hentry","news_category-journal","news_category-interior"],"acf":[],"_links":{"self":[{"href":"https:\/\/perspektiv.cz\/cs\/wp-json\/wp\/v2\/news\/33048","targetHints":{"allow":["GET"]}}],"collection":[{"href":"https:\/\/perspektiv.cz\/cs\/wp-json\/wp\/v2\/news"}],"about":[{"href":"https:\/\/perspektiv.cz\/cs\/wp-json\/wp\/v2\/types\/news"}],"wp:featuredmedia":[{"embeddable":true,"href":"https:\/\/perspektiv.cz\/cs\/wp-json\/wp\/v2\/media\/30148"}],"wp:attachment":[{"href":"https:\/\/perspektiv.cz\/cs\/wp-json\/wp\/v2\/media?parent=33048"}],"wp:term":[{"taxonomy":"news_category","embeddable":true,"href":"https:\/\/perspektiv.cz\/cs\/wp-json\/wp\/v2\/news_category?post=33048"}],"curies":[{"name":"wp","href":"https:\/\/api.w.org\/{rel}","templated":true}]}}