{"id":30612,"date":"2025-10-01T08:00:18","date_gmt":"2025-10-01T08:00:18","guid":{"rendered":"https:\/\/perspektiv.cz\/?post_type=news&#038;p=30612"},"modified":"2025-09-29T12:30:27","modified_gmt":"2025-09-29T12:30:27","slug":"10-let-perspektiv-ohlednuti-za-nasimi-workplace-projekty","status":"publish","type":"news","link":"https:\/\/perspektiv.cz\/cs\/news\/10-let-perspektiv-ohlednuti-za-nasimi-workplace-projekty\/","title":{"rendered":"10 let Perspektiv: ohl\u00e9dnut\u00ed za na\u0161imi workplace projekty"},"content":{"rendered":"<h1><strong>10 let Perspektiv: ohl\u00e9dnut\u00ed za na\u0161imi workplace projekty <\/strong><\/h1>\n","protected":false},"featured_media":12974,"template":"","news_category":[173],"class_list":["post-30612","news","type-news","status-publish","has-post-thumbnail","hentry","news_category-interior"],"acf":[],"_links":{"self":[{"href":"https:\/\/perspektiv.cz\/cs\/wp-json\/wp\/v2\/news\/30612","targetHints":{"allow":["GET"]}}],"collection":[{"href":"https:\/\/perspektiv.cz\/cs\/wp-json\/wp\/v2\/news"}],"about":[{"href":"https:\/\/perspektiv.cz\/cs\/wp-json\/wp\/v2\/types\/news"}],"wp:featuredmedia":[{"embeddable":true,"href":"https:\/\/perspektiv.cz\/cs\/wp-json\/wp\/v2\/media\/12974"}],"wp:attachment":[{"href":"https:\/\/perspektiv.cz\/cs\/wp-json\/wp\/v2\/media?parent=30612"}],"wp:term":[{"taxonomy":"news_category","embeddable":true,"href":"https:\/\/perspektiv.cz\/cs\/wp-json\/wp\/v2\/news_category?post=30612"}],"curies":[{"name":"wp","href":"https:\/\/api.w.org\/{rel}","templated":true}]}}