{"id":28204,"date":"2025-02-11T12:15:05","date_gmt":"2025-02-11T12:15:05","guid":{"rendered":"https:\/\/perspektiv.cz\/?post_type=news&#038;p=28204"},"modified":"2025-05-19T12:33:13","modified_gmt":"2025-05-19T12:33:13","slug":"rozhovor-se-zdenkem-vondrickou-novym-head-of-engineering-ve-studiu-perspektiv","status":"publish","type":"news","link":"https:\/\/perspektiv.cz\/cs\/news\/rozhovor-se-zdenkem-vondrickou-novym-head-of-engineering-ve-studiu-perspektiv\/","title":{"rendered":"Rozhovor se Zde\u0148kem Vond\u0159i\u010dkou, nov\u00fdm Head of Engineering ve Studiu Perspektiv"},"content":{"rendered":"<h1><span class=\"TextRun SCXW199960171 BCX0\" lang=\"CS-CZ\" xml:lang=\"CS-CZ\" data-contrast=\"none\"><span class=\"NormalTextRun SCXW199960171 BCX0\" data-ccp-parastyle=\"heading 1\">Rozhovor se Zde\u0148kem <\/span><span class=\"NormalTextRun SpellingErrorV2Themed SCXW199960171 BCX0\" data-ccp-parastyle=\"heading 1\">Vond\u0159i\u010dkou<\/span><span class=\"NormalTextRun SCXW199960171 BCX0\" data-ccp-parastyle=\"heading 1\">, nov\u00fdm <\/span><span class=\"NormalTextRun SpellingErrorV2Themed SCXW199960171 BCX0\" data-ccp-parastyle=\"heading 1\">Head<\/span> <span class=\"NormalTextRun SCXW199960171 BCX0\" data-ccp-parastyle=\"heading 1\">of<\/span> <span class=\"NormalTextRun SpellingErrorV2Themed SCXW199960171 BCX0\" data-ccp-parastyle=\"heading 1\">Engineering<\/span><span class=\"NormalTextRun SCXW199960171 BCX0\" data-ccp-parastyle=\"heading 1\"> ve Studiu Perspektiv<\/span><\/span><span class=\"EOP SCXW199960171 BCX0\" data-ccp-props=\"{&quot;134245418&quot;:true,&quot;134245529&quot;:true,&quot;335557856&quot;:16777215,&quot;335559738&quot;:360,&quot;335559739&quot;:80}\">\u00a0<\/span><\/h1>\n","protected":false},"featured_media":28205,"template":"","news_category":[53,176],"class_list":["post-28204","news","type-news","status-publish","has-post-thumbnail","hentry","news_category-journal","news_category-engineering"],"acf":[],"_links":{"self":[{"href":"https:\/\/perspektiv.cz\/cs\/wp-json\/wp\/v2\/news\/28204","targetHints":{"allow":["GET"]}}],"collection":[{"href":"https:\/\/perspektiv.cz\/cs\/wp-json\/wp\/v2\/news"}],"about":[{"href":"https:\/\/perspektiv.cz\/cs\/wp-json\/wp\/v2\/types\/news"}],"wp:featuredmedia":[{"embeddable":true,"href":"https:\/\/perspektiv.cz\/cs\/wp-json\/wp\/v2\/media\/28205"}],"wp:attachment":[{"href":"https:\/\/perspektiv.cz\/cs\/wp-json\/wp\/v2\/media?parent=28204"}],"wp:term":[{"taxonomy":"news_category","embeddable":true,"href":"https:\/\/perspektiv.cz\/cs\/wp-json\/wp\/v2\/news_category?post=28204"}],"curies":[{"name":"wp","href":"https:\/\/api.w.org\/{rel}","templated":true}]}}