{"id":27679,"date":"2024-11-26T13:00:55","date_gmt":"2024-11-26T13:00:55","guid":{"rendered":"https:\/\/perspektiv.cz\/?post_type=news&#038;p=27679"},"modified":"2025-05-19T12:34:12","modified_gmt":"2025-05-19T12:34:12","slug":"novy-skolni-kampus-v-bratislave","status":"publish","type":"news","link":"https:\/\/perspektiv.cz\/cs\/news\/novy-skolni-kampus-v-bratislave\/","title":{"rendered":"Nov\u00fd \u0161koln\u00ed kampus v Bratislav\u011b"},"content":{"rendered":"<h1><span class=\"TextRun SCXW80799655 BCX0\" lang=\"CS-CZ\" xml:lang=\"CS-CZ\" data-contrast=\"auto\"><span class=\"NormalTextRun SCXW80799655 BCX0\">Nov\u00fd <\/span><span class=\"NormalTextRun SCXW80799655 BCX0\">\u0161koln\u00ed<\/span> <span class=\"NormalTextRun SCXW80799655 BCX0\">kampus<\/span><span class=\"NormalTextRun SCXW80799655 BCX0\"> v <\/span><span class=\"NormalTextRun SCXW80799655 BCX0\">Bratislav\u011b<\/span><span class=\"NormalTextRun SCXW80799655 BCX0\">: <\/span><span class=\"NormalTextRun SCXW80799655 BCX0\">s<\/span><span class=\"NormalTextRun SCXW80799655 BCX0\">tudio<\/span> <span class=\"NormalTextRun SCXW80799655 BCX0\">Perspektiv<\/span> <span class=\"NormalTextRun SCXW80799655 BCX0\">p\u0159etv\u00e1\u0159\u00ed<\/span> <span class=\"NormalTextRun SpellingErrorV2Themed SCXW80799655 BCX0\">brownfieldov\u00e9<\/span> <span class=\"NormalTextRun SCXW80799655 BCX0\">\u00fazem\u00ed<\/span> <span class=\"NormalTextRun SCXW80799655 BCX0\">na<\/span> <span class=\"NormalTextRun SCXW80799655 BCX0\">vzd\u011bl\u00e1vac\u00ed<\/span><span class=\"NormalTextRun SCXW80799655 BCX0\"> a <\/span><span class=\"NormalTextRun SCXW80799655 BCX0\">komunitn\u00ed<\/span><span class=\"NormalTextRun SCXW80799655 BCX0\"> centrum<\/span><\/span><span class=\"EOP SCXW80799655 BCX0\" data-ccp-props=\"{&quot;201341983&quot;:0,&quot;335551550&quot;:2,&quot;335551620&quot;:2,&quot;335559739&quot;:160,&quot;335559740&quot;:259}\">\u00a0<\/span><\/h1>\n","protected":false},"featured_media":27464,"template":"","news_category":[53,173,174,175,176],"class_list":["post-27679","news","type-news","status-publish","has-post-thumbnail","hentry","news_category-journal","news_category-interior","news_category-architecture","news_category-planning","news_category-engineering"],"acf":[],"_links":{"self":[{"href":"https:\/\/perspektiv.cz\/cs\/wp-json\/wp\/v2\/news\/27679","targetHints":{"allow":["GET"]}}],"collection":[{"href":"https:\/\/perspektiv.cz\/cs\/wp-json\/wp\/v2\/news"}],"about":[{"href":"https:\/\/perspektiv.cz\/cs\/wp-json\/wp\/v2\/types\/news"}],"wp:featuredmedia":[{"embeddable":true,"href":"https:\/\/perspektiv.cz\/cs\/wp-json\/wp\/v2\/media\/27464"}],"wp:attachment":[{"href":"https:\/\/perspektiv.cz\/cs\/wp-json\/wp\/v2\/media?parent=27679"}],"wp:term":[{"taxonomy":"news_category","embeddable":true,"href":"https:\/\/perspektiv.cz\/cs\/wp-json\/wp\/v2\/news_category?post=27679"}],"curies":[{"name":"wp","href":"https:\/\/api.w.org\/{rel}","templated":true}]}}