{"id":23411,"date":"2023-11-14T16:08:36","date_gmt":"2023-11-14T16:08:36","guid":{"rendered":"https:\/\/perspektiv.cz\/news\/zeitgeist-ziskal-oceneni-kancelare-roku-copy\/"},"modified":"2025-05-19T12:35:58","modified_gmt":"2025-05-19T12:35:58","slug":"perspektiv-research-navazal-spolupraci-s-rethink-architecture","status":"publish","type":"news","link":"https:\/\/perspektiv.cz\/cs\/news\/perspektiv-research-navazal-spolupraci-s-rethink-architecture\/","title":{"rendered":"Perspektiv Research nav\u00e1zal spolupr\u00e1ci s Rethink Architecture"},"content":{"rendered":"<h1><strong>Perspektiv Research nav\u00e1zal spolupr\u00e1ci s Rethink Architecture<\/strong><\/h1>\n","protected":false},"featured_media":23413,"template":"","news_category":[53,174],"class_list":["post-23411","news","type-news","status-publish","has-post-thumbnail","hentry","news_category-journal","news_category-architecture"],"acf":[],"_links":{"self":[{"href":"https:\/\/perspektiv.cz\/cs\/wp-json\/wp\/v2\/news\/23411","targetHints":{"allow":["GET"]}}],"collection":[{"href":"https:\/\/perspektiv.cz\/cs\/wp-json\/wp\/v2\/news"}],"about":[{"href":"https:\/\/perspektiv.cz\/cs\/wp-json\/wp\/v2\/types\/news"}],"wp:featuredmedia":[{"embeddable":true,"href":"https:\/\/perspektiv.cz\/cs\/wp-json\/wp\/v2\/media\/23413"}],"wp:attachment":[{"href":"https:\/\/perspektiv.cz\/cs\/wp-json\/wp\/v2\/media?parent=23411"}],"wp:term":[{"taxonomy":"news_category","embeddable":true,"href":"https:\/\/perspektiv.cz\/cs\/wp-json\/wp\/v2\/news_category?post=23411"}],"curies":[{"name":"wp","href":"https:\/\/api.w.org\/{rel}","templated":true}]}}