{"id":13606,"date":"2022-06-27T08:42:11","date_gmt":"2022-06-27T08:42:11","guid":{"rendered":"https:\/\/perspektiv.cz\/news\/architekti-kancelari-copy\/"},"modified":"2025-05-19T12:39:29","modified_gmt":"2025-05-19T12:39:29","slug":"magazin-reporter-podcast","status":"publish","type":"news","link":"https:\/\/perspektiv.cz\/cs\/news\/magazin-reporter-podcast\/","title":{"rendered":"Byli jsme hosty podcastu magaz\u00ednu Report\u00e9r"},"content":{"rendered":"<h1><strong>Byli jsme hosty podcastu magaz\u00ednu Report\u00e9r<\/strong><\/h1>\n","protected":false},"featured_media":13608,"template":"","news_category":[52,173,174,175,176],"class_list":["post-13606","news","type-news","status-publish","has-post-thumbnail","hentry","news_category-press","news_category-interior","news_category-architecture","news_category-planning","news_category-engineering"],"acf":[],"_links":{"self":[{"href":"https:\/\/perspektiv.cz\/cs\/wp-json\/wp\/v2\/news\/13606","targetHints":{"allow":["GET"]}}],"collection":[{"href":"https:\/\/perspektiv.cz\/cs\/wp-json\/wp\/v2\/news"}],"about":[{"href":"https:\/\/perspektiv.cz\/cs\/wp-json\/wp\/v2\/types\/news"}],"wp:featuredmedia":[{"embeddable":true,"href":"https:\/\/perspektiv.cz\/cs\/wp-json\/wp\/v2\/media\/13608"}],"wp:attachment":[{"href":"https:\/\/perspektiv.cz\/cs\/wp-json\/wp\/v2\/media?parent=13606"}],"wp:term":[{"taxonomy":"news_category","embeddable":true,"href":"https:\/\/perspektiv.cz\/cs\/wp-json\/wp\/v2\/news_category?post=13606"}],"curies":[{"name":"wp","href":"https:\/\/api.w.org\/{rel}","templated":true}]}}